{"id":538,"date":"2025-07-02T13:57:02","date_gmt":"2025-07-02T13:57:02","guid":{"rendered":"https:\/\/uncensor.io\/blog\/?p=538"},"modified":"2025-07-07T13:49:36","modified_gmt":"2025-07-07T13:49:36","slug":"blokady-sledzenie-inwigilacja-cyfrowa-codziennosc-w-europie-srodkowej","status":"publish","type":"post","link":"https:\/\/uncensor.io\/blog\/pl\/blokady-sledzenie-inwigilacja-cyfrowa-codziennosc-w-europie-srodkowej\/","title":{"rendered":"Blokady, \u015bledzenie, inwigilacja \u2013 cyfrowa codzienno\u015b\u0107 w Europie \u015arodkowej"},"content":{"rendered":"\n<p>Internet mia\u0142 by\u0107 przestrzeni\u0105 wymiany my\u015bli, nauki i swobodnej wypowiedzi. Tymczasem w wielu krajach Europy \u015arodkowej wolno\u015b\u0107 cyfrowa stoi dzi\u015b pod znakiem zapytania. Rz\u0105dy blokuj\u0105 strony internetowe, \u015bledz\u0105 u\u017cytkownik\u00f3w i po cichu obserwuj\u0105, co robi\u0105 w Sieci. Rodz\u0105 si\u0119 wi\u0119c wa\u017cne pytania: Kto naprawd\u0119 kontroluje Internet? Czym dzi\u015b jest cyfrowa wolno\u015b\u0107? I jak mo\u017cna j\u0105 chroni\u0107 w 2025 roku?<\/p>\n\n\n\n<p>Wolno\u015b\u0107 cyfrowa to mo\u017cliwo\u015b\u0107 korzystania z Internetu bez strachu, ogranicze\u0144 i inwigilacji. To nie tylko kwestia dost\u0119pu do stron \u2013 to prawo do wypowiedzi, dzielenia si\u0119 tre\u015bciami, odkrywania nowych rzeczy i budowania relacji. Bez l\u0119ku, \u017ce kto\u015b Ci\u0119 podgl\u0105da lub ucisza. W Europie \u015arodkowej ta wolno\u015b\u0107 jest dzi\u015b zagro\u017cona jak nigdy wcze\u015bniej.<\/p>\n\n\n\n<h2 class=\"wp-block-heading\"><strong>Cenzura Internetu w Europie \u015arodkowej ro\u015bnie w si\u0142\u0119<\/strong><\/h2>\n\n\n\n<p>W ostatnich latach niekt\u00f3re rz\u0105dy Europy \u015arodkowej zacz\u0119\u0142y blokowa\u0107 konkretne strony internetowe \u2013 w tym media, strony protestacyjne czy platformy krytykuj\u0105ce w\u0142adze. Oficjalnie chodzi o \u201ebezpiecze\u0144stwo\u201d lub walk\u0119 z dezinformacj\u0105, ale w praktyce ogranicza to swobod\u0119 s\u0142owa i dost\u0119p do informacji.<\/p>\n\n\n\n<p>W\u0119gry i Polska wprowadzi\u0142y ju\u017c przepisy, kt\u00f3re zwi\u0119kszaj\u0105 kontrol\u0119 pa\u0144stwa nad przestrzeni\u0105 cyfrow\u0105. Zdarza\u0142o si\u0119, \u017ce ca\u0142e domeny znika\u0142y z Sieci. W efekcie wiele os\u00f3b zaczyna ba\u0107 si\u0119 wyra\u017ca\u0107 swoje zdanie \u2013 nawet je\u015bli nie \u0142ami\u0105 tym \u017cadnego prawa.<\/p>\n\n\n\n<h2 class=\"wp-block-heading\"><strong>Technologie inwigilacyjne s\u0105 coraz sprytniejsze<\/strong><\/h2>\n\n\n\n<p>Rz\u0105dy w regionie inwestuj\u0105 w coraz bardziej zaawansowane narz\u0119dzia, kt\u00f3re pozwalaj\u0105 \u015bledzi\u0107 obywateli w czasie rzeczywistym. Systemy te mog\u0105 rejestrowa\u0107 histori\u0119 wyszukiwa\u0144, lokalizacj\u0119, a nawet prywatne wiadomo\u015bci. Oficjalnie s\u0142u\u017c\u0105 bezpiecze\u0144stwu narodowemu, ale w rzeczywisto\u015bci cz\u0119sto s\u0105 wykorzystywane przeciwko dziennikarzom, aktywistom czy opozycji.<\/p>\n\n\n\n<p>W wielu miastach inwigilacja obejmuje r\u00f3wnie\u017c rozpoznawanie twarzy, skanowanie tablic rejestracyjnych, czy \u015bledzenie sygna\u0142u urz\u0105dze\u0144. Zebrane dane mog\u0105 by\u0107 przechowywane latami i wykorzystane przeciwko Tobie, nawet je\u015bli nie zrobi\u0142e\u015b nic z\u0142ego . Wystarczy, \u017ce w przysz\u0142o\u015bci zmieni\u0105 si\u0119 przepisy, by te dane zosta\u0142y u\u017cyte przeciwko Tobie.<\/p>\n\n\n\n<h2 class=\"wp-block-heading\"><strong>Dostawcy w roli obserwator\u00f3w. Co rz\u0105dy ka\u017c\u0105 im robi\u0107?<\/strong><\/h2>\n\n\n\n<p>Dostawcy Internetu w Europie \u015arodkowej cz\u0119sto dzia\u0142aj\u0105 pod naciskiem w\u0142adz. W niekt\u00f3rych przypadkach musz\u0105 przekazywa\u0107 dane u\u017cytkownik\u00f3w \u2013 nawet bez nakazu s\u0105dowego. Chodzi m.in. o histori\u0119 przegl\u0105dania, adresy IP czy zapisy po\u0142\u0105cze\u0144.<\/p>\n\n\n\n<p>To sprawia, \u017ce zwykli u\u017cytkownicy coraz trudniej ufaj\u0105 firmom, kt\u00f3re zapewniaj\u0105 im dost\u0119p do Sieci. Zamiast otwartego Internetu, niekt\u00f3rzy dostawcy celowo spowalniaj\u0105 dost\u0119p do wybranych stron albo ca\u0142kowicie je blokuj\u0105 &#8211; szczeg\u00f3lnie gdy w\u0142adze naciskaj\u0105, by cenzurowa\u0107 tre\u015bci.<\/p>\n\n\n\n<h2 class=\"wp-block-heading\"><strong>\u201eFa\u0142szywe wiadomo\u015bci\u201d jako pretekst \u2013 nowe przepisy i ich skutki<\/strong><\/h2>\n\n\n\n<p>W wielu krajach Europy \u015arodkowej wprowadzono przepisy wymierzone w \u201efake newsy\u201d \u2013 ale cz\u0119sto nie wiadomo, co w\u0142a\u015bciwie uznaje si\u0119 za fa\u0142szywe. Bywa, \u017ce prawo to s\u0142u\u017cy do blokowania niezale\u017cnych medi\u00f3w lub karania os\u00f3b za publikowanie niepopularnych opinii.<\/p>\n\n\n\n<p>Efekt? Chaos i autocenzura. U\u017cytkownicy zaczynaj\u0105 si\u0119 waha\u0107, czy wrzuci\u0107 artyku\u0142, rozpocz\u0105\u0107 dyskusj\u0119 albo klikn\u0105\u0107 \u201elubi\u0119 to\u201d pod komentarzem niezgodnym z oficjaln\u0105 narracj\u0105. W krajach, gdzie wolno\u015b\u0107 prasy jest ograniczona, cyfrowa cenzura to kolejny poziom kontroli.<\/p>\n\n\n\n<h2 class=\"wp-block-heading\"><strong>Media spo\u0142eczno\u015bciowe przesta\u0142y by\u0107 bezpieczn\u0105 przestrzeni\u0105<\/strong><\/h2>\n\n\n\n<p>Kiedy\u015b media spo\u0142eczno\u015bciowe by\u0142y miejscem swobodnej wypowiedzi i organizowania wydarze\u0144. Dzi\u015b s\u0105 pod coraz wi\u0119ksz\u0105 obserwacj\u0105. Rz\u0105dy domagaj\u0105 si\u0119 usuwania niewygodnych tre\u015bci, blokowania kont czy udost\u0119pniania danych os\u00f3b o odmiennych pogl\u0105dach.<\/p>\n\n\n\n<p>Coraz wi\u0119cej os\u00f3b my\u015bli dwa razy, zanim co\u015b opublikuje. Dziennikarze i aktywi\u015bci nara\u017caj\u0105 si\u0119 na blokady, a nawet konsekwencje prawne tylko za to, co napisz\u0105 w Sieci. Cyfrowa przestrze\u0144 publiczna niby wci\u0105\u017c istnieje \u2013 ale dzi\u015b jest pod pe\u0142nym nadzorem.<\/p>\n\n\n\n<h2 class=\"wp-block-heading\"><strong>Europa \u015arodkowa mi\u0119dzy Wschodem a Zachodem<\/strong><\/h2>\n\n\n\n<p>Europa \u015arodkowa le\u017cy na styku demokracji Zachodu i autorytarnych tendencji ze Wschodu \u2013 i to odbija si\u0119 na podej\u015bciu do wolno\u015bci cyfrowej. Cz\u0119\u015b\u0107 pa\u0144stw pr\u00f3buje trzyma\u0107 si\u0119 unijnych przepis\u00f3w o ochronie danych, inne stawiaj\u0105 na wi\u0119ksz\u0105 kontrol\u0119 pa\u0144stwa.<\/p>\n\n\n\n<p>Na przyk\u0142ad S\u0142owacja i Czechy zazwyczaj wspieraj\u0105 regulacje UE dotycz\u0105ce prywatno\u015bci, podczas gdy W\u0119gry i Polska s\u0105 krytykowane za ograniczanie swobody wypowiedzi online. W efekcie przestrze\u0144 cyfrowa staje si\u0119 podzielona \u2013 a Twoje prawa zale\u017c\u0105 od tego, gdzie mieszkasz i kto aktualnie jest u w\u0142adzy.<\/p>\n\n\n\n<h2 class=\"wp-block-heading\"><strong>Szyfrowanie pod ostrza\u0142em<\/strong><\/h2>\n\n\n\n<p>Szyfrowane aplikacje i strony pomagaj\u0105 chroni\u0107 u\u017cytkownik\u00f3w w Internecie. Jednak niekt\u00f3re rz\u0105dy Europy \u015arodkowej pr\u00f3buj\u0105 os\u0142abi\u0107 lub ca\u0142kiem zakaza\u0107 silnego szyfrowania, twierdz\u0105c, \u017ce utrudnia ono prac\u0119 s\u0142u\u017cbom. Problem w tym, \u017ce jego brak szkodzi wszystkim \u2013 nie tylko przest\u0119pcom.<\/p>\n\n\n\n<p>Brak szyfrowania oznacza, \u017ce Twoje prywatne rozmowy mo\u017ce przeczyta\u0107 ka\u017cdy, kto ma do nich dost\u0119p. Hakerzy, oszu\u015bci, a nawet obce rz\u0105dy mog\u0105 przechwyci\u0107 Twoje wiadomo\u015bci, loginy bankowe czy dane medyczne. Os\u0142abienie szyfrowania sprawia, \u017ce wszyscy jeste\u015bmy mniej bezpieczni \u2013 nawet je\u015bli oficjalnie robi si\u0119 to \u201edla naszego dobra\u201d.<\/p>\n\n\n\n<h2 class=\"wp-block-heading\"><strong>Dziennikarze i sygnali\u015bci na celowniku<\/strong><\/h2>\n\n\n\n<p>Dla dziennikarzy, badaczy i sygnalist\u00f3w wolno\u015b\u0107 cyfrowa to nie luksus, tylko narz\u0119dzie pracy. Bez bezpiecznej komunikacji nie da si\u0119 ujawnia\u0107 prawdy i przekazywa\u0107 opinii publicznej fakt\u00f3w, kt\u00f3re maj\u0105 znaczenie. Tymczasem w Europie \u015arodkowej to w\u0142a\u015bnie oni coraz cz\u0119\u015bciej staj\u0105 si\u0119 celem cyfrowych represji.<\/p>\n\n\n\n<p>Pods\u0142uchy w telefonach, wycieki danych z przej\u0119tych kont, cyberataki \u2013 lista zagro\u017ce\u0144 ro\u015bnie. Niekt\u00f3rzy dziennikarze trafiaj\u0105 nawet do aresztu tylko za to, \u017ce ujawnili niewygodne informacje. A kiedy m\u00f3wienie prawdy zaczyna wi\u0105za\u0107 si\u0119 z realnym ryzykiem, coraz mniej os\u00f3b ma odwag\u0119 si\u0119 odezwa\u0107.<\/p>\n\n\n\n<h2 class=\"wp-block-heading\"><strong>Coraz trudniej o anonimowo\u015b\u0107 w Sieci<\/strong><\/h2>\n\n\n\n<p>Niekt\u00f3re rz\u0105dy wprowadzaj\u0105 przepisy nakazuj\u0105ce u\u017cywanie prawdziwych imion i nazwisk w Internecie \u2013 na kontach w mediach spo\u0142eczno\u015bciowych, blogach czy w komentarzach. Cho\u0107 te zmiany maj\u0105 przeciwdzia\u0142a\u0107 mowie nienawi\u015bci czy fa\u0142szywym kontom, w praktyce ograniczaj\u0105 swobod\u0119 wypowiedzi.<\/p>\n\n\n\n<p>Je\u015bli pod ka\u017cd\u0105 wypowiedzi\u0105 stoi Twoje imi\u0119, nazwisko i zdj\u0119cie, znacznie trudniej m\u00f3wi\u0107 otwarcie \u2013 nawet je\u015bli Twoja opinia jest uczciwa i wywa\u017cona. To podcina skrzyd\u0142a wolno\u015bci cyfrowej, bo ludzie zaczynaj\u0105 ba\u0107 si\u0119 wypowiada\u0107, zw\u0142aszcza w sprawach wra\u017cliwych jak polityka czy religia.<\/p>\n\n\n\n<h2 class=\"wp-block-heading\"><strong>Cyfrowy nadz\u00f3r wkracza do szk\u00f3\u0142<\/strong><\/h2>\n\n\n\n<p>M\u0142odzi ludzie w Europie \u015arodkowej dorastaj\u0105 w \u015bwiecie, w kt\u00f3rym prywatno\u015b\u0107 online staje si\u0119 luksusem. Szko\u0142y coraz cz\u0119\u015bciej korzystaj\u0105 z oprogramowania, kt\u00f3re \u015bledzi, co uczniowie robi\u0105 na swoich laptopach \u2013 niekt\u00f3re nawet rejestruj\u0105, jak d\u0142ugo patrz\u0105 w ekran i z jakich aplikacji korzystaj\u0105.<\/p>\n\n\n\n<p>Takie systemy maj\u0105 zapewnia\u0107 bezpiecze\u0144stwo, ale w praktyce ucz\u0105 m\u0142odzie\u017c, \u017ce bycie stale obserwowanym to norma. Zamiast poznawa\u0107 zasady ochrony prywatno\u015bci w Sieci, m\u0142odzi ludzie przyzwyczajaj\u0105 si\u0119 do tego, \u017ce wszystko, co robi\u0105, jest monitorowane. To nie jest wolno\u015b\u0107 cyfrowa, na jak\u0105 zas\u0142uguj\u0105.<\/p>\n\n\n\n<h2 class=\"wp-block-heading\"><strong>Narz\u0119dzia cenzury s\u0105 sprowadzane i rozpowszechniane<\/strong><\/h2>\n\n\n\n<p>Wiele technologii wykorzystywanych do cenzurowania i \u015bledzenia internaut\u00f3w nie pochodzi z Europy \u015arodkowej. Cz\u0119sto s\u0105 to gotowe rozwi\u0105zania kupowane od firm z Chin, Rosji czy Stan\u00f3w Zjednoczonych, kt\u00f3re s\u0105 wdra\u017cane w kolejnych krajach regionu. Dzi\u0119ki nim pa\u0144stwom \u0142atwiej ogranicza\u0107 wolno\u015b\u0107 s\u0142owa i nadzorowa\u0107 obywateli.<\/p>\n\n\n\n<p>Im cz\u0119\u015bciej rz\u0105dy si\u0119gaj\u0105 po te same narz\u0119dzia, tym bardziej jednolite staje si\u0119 podej\u015bcie do kontroli Internetu w ca\u0142ym regionie. Praktyki wprowadzane w jednym kraju szybko przenikaj\u0105 do pozosta\u0142ych. A bez sprzeciwu i nacisku spo\u0142ecznego, cenzura przestaje by\u0107 wyj\u0105tkiem \u2013 i staje si\u0119 now\u0105 norm\u0105.<\/p>\n\n\n\n<h2 class=\"wp-block-heading\">Prawo nie nad\u0105\u017ca za cyfrow\u0105 rzeczywisto\u015bci\u0105<\/h2>\n\n\n\n<p>Nowe przepisy cyfrowe pojawiaj\u0105 si\u0119 szybciej, ni\u017c s\u0105dy s\u0105 w stanie je oceni\u0107. W niekt\u00f3rych krajach Europy \u015arodkowej ustawy przyjmowane s\u0105 bez wi\u0119kszej debaty publicznej i bez konsultacji spo\u0142ecznych. Gdy ju\u017c wejd\u0105 w \u017cycie \u2013 trudno je podwa\u017cy\u0107, zw\u0142aszcza je\u015bli s\u0105dy dzia\u0142aj\u0105 pod wp\u0142ywem polityki.<\/p>\n\n\n\n<p>Ta prawna niepewno\u015b\u0107 uderza w wolno\u015b\u0107 cyfrow\u0105. U\u017cytkownicy cz\u0119sto nie wiedz\u0105, co jest dozwolone, a co ju\u017c mo\u017ce narazi\u0107 ich na konsekwencje. Serwisy internetowe cz\u0119sto ograniczaj\u0105 publikacje profilaktycznie, z obawy przed naruszeniem przepis\u00f3w. A wiele os\u00f3b woli ca\u0142kowicie milcze\u0107 \u2013 ze strachu przed \u017ale napisan\u0105 ustaw\u0105.<\/p>\n\n\n\n<h2 class=\"wp-block-heading\"><strong>Rosn\u0105ce zainteresowanie VPN i narz\u0119dziami ochrony prywatno\u015bci<\/strong><\/h2>\n\n\n\n<p>W odpowiedzi na rosn\u0105c\u0105 cenzur\u0119 i inwigilacj\u0119, coraz wi\u0119cej os\u00f3b w Europie \u015arodkowej si\u0119ga po VPN-y, szyfrowane komunikatory i przegl\u0105darki chroni\u0105ce prywatno\u015b\u0107. Te narz\u0119dzia pozwalaj\u0105 ukry\u0107 aktywno\u015b\u0107 w Sieci, unikn\u0105\u0107 \u015bledzenia i korzysta\u0107 z Internetu bez blokad.<\/p>\n\n\n\n<p>Wielu u\u017cytkownik\u00f3w wci\u0105\u017c nie wie, jak korzysta\u0107 z tych narz\u0119dzi ani kt\u00f3re z nich s\u0105 godne zaufania. Niekt\u00f3rzy obawiaj\u0105 si\u0119 te\u017c, \u017ce samo ich u\u017cywanie mo\u017ce \u015bci\u0105gn\u0105\u0107 na nich uwag\u0119 s\u0142u\u017cb. W efekcie powstaje cyfrowa przepa\u015b\u0107 \u2013 tylko osoby bieg\u0142e technologicznie potrafi\u0105 skutecznie zadba\u0107 o swoje bezpiecze\u0144stwo.<\/p>\n\n\n\n<h2 class=\"wp-block-heading\"><strong>Aktywi\u015bci i organizacje spo\u0142eczne stawiaj\u0105 op\u00f3r<\/strong><\/h2>\n\n\n\n<p>Mimo zagro\u017ce\u0144, wielu mieszka\u0144c\u00f3w Europy \u015arodkowej nie pozostaje oboj\u0119tnych. Aktywi\u015bci walcz\u0105 z cenzur\u0105, organizuj\u0105 protesty i ucz\u0105 innych, jak chroni\u0107 prywatno\u015b\u0107 w Internecie. Niekt\u00f3re organizacje kwestionuj\u0105 kontrowersyjne przepisy w s\u0105dach.<\/p>\n\n\n\n<p>Te dzia\u0142ania pokazuj\u0105, \u017ce wolno\u015b\u0107 cyfrowa nie znikn\u0119\u0142a \u2013 ale jest powa\u017cnie zagro\u017cona. Gdy ludzie zabieraj\u0105 g\u0142os, dziel\u0105 si\u0119 narz\u0119dziami i edukuj\u0105 spo\u0142eczno\u015bci, pomagaj\u0105 zachowa\u0107 otwarty i bezpieczny Internet dla wszystkich. Jednak \u017ceby te inicjatywy mia\u0142y realn\u0105 si\u0142\u0119, musz\u0105 zyska\u0107 poparcie ludzi.<\/p>\n\n\n\n<h2 class=\"wp-block-heading\"><strong>Jak chroni\u0107 swoj\u0105 wolno\u015b\u0107 cyfrow\u0105?<\/strong><\/h2>\n\n\n\n<p>Je\u015bli mieszkasz w Europie \u015arodkowej i zale\u017cy Ci na prywatno\u015bci \u2013 mo\u017cesz sam zadba\u0107 o swoje bezpiecze\u0144stwo. Korzystaj z silnych hase\u0142, szyfrowanych aplikacji i sprawdzonych VPN-\u00f3w. Aktualizuj oprogramowanie i \u015bled\u017a zmiany w przepisach cyfrowych obowi\u0105zuj\u0105cych w Twoim kraju.<\/p>\n\n\n\n<p>Mo\u017cesz te\u017c wspiera\u0107 niezale\u017cne media, anga\u017cowa\u0107 si\u0119 w dzia\u0142ania organizacji walcz\u0105cych o prywatno\u015b\u0107 albo edukowa\u0107 innych, dlaczego prawa w Sieci s\u0105 tak wa\u017cne. Wolno\u015b\u0107 cyfrowa to nie tylko temat polityczny \u2013 to sprawa osobista, kt\u00f3ra wp\u0142ywa na to, jak \u017cyjesz, uczysz si\u0119 i komunikujesz.<\/p>\n\n\n\n<h2 class=\"wp-block-heading\"><strong>Uncensor.io VPN \u2013 stworzony z my\u015bl\u0105 o wolno\u015bci cyfrowej w Europie \u015arodkowej<\/strong><\/h2>\n\n\n\n<p>Gdy wolno\u015b\u0107 cyfrowa jest zagro\u017cona, wyb\u00f3r odpowiednich narz\u0119dzi staje si\u0119 kluczowy. Uncensor.io VPN powsta\u0142 z my\u015bl\u0105 o tych, kt\u00f3rzy chc\u0105 odzyska\u0107 kontrol\u0119 w regionie, gdzie cyfrowa inwigilacja stale ro\u015bnie.<\/p>\n\n\n\n<p>Uncensor.io pomaga Ci zachowa\u0107 anonimowo\u015b\u0107, uzyska\u0107 dost\u0119p do zablokowanych tre\u015bci i chroni\u0107 swoj\u0105 to\u017csamo\u015b\u0107 \u2013 niezale\u017cnie od tego, czy pracujesz zdalnie, dzielisz si\u0119 pomys\u0142ami, czy po prostu chcesz w spokoju korzysta\u0107 z Internetu. Dzi\u0119ki serwerom zoptymalizowanym pod k\u0105tem szybko\u015bci i bezpiecze\u0144stwa, Twoje po\u0142\u0105czenie pozostaje prywatne i stabilne \u2013 w ca\u0142ej Europie \u015arodkowej i nie tylko.<\/p>\n\n\n\n<p>Wolno\u015b\u0107 cyfrowa w 2025 roku to nie oczywisto\u015b\u0107 \u2013 to warto\u015b\u0107, o kt\u00f3r\u0105 trzeba zabiega\u0107. Ale z narz\u0119dziami takimi jak Uncensor.io \u2013 nie musisz z niej rezygnowa\u0107.<\/p>\n","protected":false},"excerpt":{"rendered":"<p>Internet mia\u0142 by\u0107 przestrzeni\u0105 wymiany my\u015bli, nauki i swobodnej wypowiedzi. Tymczasem w wielu krajach Europy \u015arodkowej wolno\u015b\u0107 cyfrowa stoi dzi\u015b pod znakiem zapytania. Rz\u0105dy blokuj\u0105 strony internetowe, \u015bledz\u0105 u\u017cytkownik\u00f3w i po cichu obserwuj\u0105, co robi\u0105 w Sieci. Rodz\u0105 si\u0119 wi\u0119c wa\u017cne pytania: Kto naprawd\u0119 kontroluje Internet? Czym dzi\u015b jest cyfrowa wolno\u015b\u0107? I jak mo\u017cna j\u0105 [&hellip;]<\/p>\n","protected":false},"author":1,"featured_media":299,"comment_status":"open","ping_status":"open","sticky":false,"template":"","format":"standard","meta":{"footnotes":""},"categories":[16],"tags":[],"class_list":["post-538","post","type-post","status-publish","format-standard","has-post-thumbnail","hentry","category-uncategorized-pl"],"_links":{"self":[{"href":"https:\/\/uncensor.io\/blog\/wp-json\/wp\/v2\/posts\/538","targetHints":{"allow":["GET"]}}],"collection":[{"href":"https:\/\/uncensor.io\/blog\/wp-json\/wp\/v2\/posts"}],"about":[{"href":"https:\/\/uncensor.io\/blog\/wp-json\/wp\/v2\/types\/post"}],"author":[{"embeddable":true,"href":"https:\/\/uncensor.io\/blog\/wp-json\/wp\/v2\/users\/1"}],"replies":[{"embeddable":true,"href":"https:\/\/uncensor.io\/blog\/wp-json\/wp\/v2\/comments?post=538"}],"version-history":[{"count":1,"href":"https:\/\/uncensor.io\/blog\/wp-json\/wp\/v2\/posts\/538\/revisions"}],"predecessor-version":[{"id":539,"href":"https:\/\/uncensor.io\/blog\/wp-json\/wp\/v2\/posts\/538\/revisions\/539"}],"wp:featuredmedia":[{"embeddable":true,"href":"https:\/\/uncensor.io\/blog\/wp-json\/wp\/v2\/media\/299"}],"wp:attachment":[{"href":"https:\/\/uncensor.io\/blog\/wp-json\/wp\/v2\/media?parent=538"}],"wp:term":[{"taxonomy":"category","embeddable":true,"href":"https:\/\/uncensor.io\/blog\/wp-json\/wp\/v2\/categories?post=538"},{"taxonomy":"post_tag","embeddable":true,"href":"https:\/\/uncensor.io\/blog\/wp-json\/wp\/v2\/tags?post=538"}],"curies":[{"name":"wp","href":"https:\/\/api.w.org\/{rel}","templated":true}]}}